{"id":21775,"date":"2023-05-25T12:28:01","date_gmt":"2023-05-25T17:28:01","guid":{"rendered":"https:\/\/machiavel.com\/studios-machiavel-stunning-videos-at-the-ccem-estim-gala\/"},"modified":"2025-01-11T17:09:37","modified_gmt":"2025-01-11T22:09:37","slug":"studios-machiavel-stunning-videos-at-the-ccem-estim-gala","status":"publish","type":"post","link":"https:\/\/machiavel.com\/en\/studios-machiavel-stunning-videos-at-the-ccem-estim-gala\/","title":{"rendered":"Studios Machiavel: Stunning videos at the CCEM Estim Gala"},"content":{"rendered":"\n<p class=\"has-text-align-left\"><\/p>\n\n\n<\/p>\n\n\n<\/p>\n<p class=\"has-text-align-left\" style=\"text-align: justify;\">Dans une explosion de cr\u00e9ativit\u00e9 et de talent, les Studios Machiavel ont brillamment anim\u00e9 le Gala Estim, organis\u00e9 par la Chambre de commerce de l&#8217;Est de Montr\u00e9al (CCEM). Ce rendez-vous incontournable de l&#8217;excellence entrepreneuriale a \u00e9t\u00e9 marqu\u00e9 par des vid\u00e9os captivantes, mettant en valeur les finalistes de mani\u00e8re spectaculaire.<\/p>\n<p style=\"text-align: justify;\">\n\n\n\n<div class=\"wp-block-media-text alignwide is-stacked-on-mobile has-black-color has-text-color\" style=\"grid-template-columns:48% auto\"><figure class=\"wp-block-media-text__media\"><img fetchpriority=\"high\" decoding=\"async\" width=\"1024\" height=\"1024\" src=\"https:\/\/machiavel.com\/wp-content\/uploads\/2023\/05\/Machiavel-Gala-full-size-33-of-69-1024x1024.jpg\" alt=\"\" class=\"wp-image-6679 size-full\" srcset=\"https:\/\/machiavel.com\/wp-content\/uploads\/2023\/05\/Machiavel-Gala-full-size-33-of-69-1024x1024.jpg 1024w, https:\/\/machiavel.com\/wp-content\/uploads\/2023\/05\/Machiavel-Gala-full-size-33-of-69-300x300.jpg 300w, https:\/\/machiavel.com\/wp-content\/uploads\/2023\/05\/Machiavel-Gala-full-size-33-of-69-768x768.jpg 768w\" sizes=\"(max-width: 1024px) 100vw, 1024px\" \/><\/figure><div class=\"wp-block-media-text__content\">\n<div class=\"wp-block-group is-vertical is-content-justification-center is-layout-flex wp-container-core-group-is-layout-4b2eccd6 wp-block-group-is-layout-flex\">\n<p style=\"text-align: justify;\"><span style=\"color: #ffffff;\">Avec leur approche novatrice et leur savoir-faire technique, les Studios Machiavel ont r\u00e9ussi \u00e0 capturer l&#8217;essence des finalistes, en racontant leurs histoires. Les visuels \u00e9poustouflants, la narration percutante et la qualit\u00e9 de production exceptionnelle ont fait des vid\u00e9os des finalistes de v\u00e9ritables temps forts du Gala Estim. <\/span><\/p>\n<\/p>\n<p style=\"text-align: justify;\"><span style=\"color: #ffffff;\">En tant que partenaires cl\u00e9s de cet \u00e9v\u00e9nement, les Studios Machiavel ont contribu\u00e9 \u00e0 rehausser l&#8217;impact du Gala Estim en offrant des vid\u00e9os de qualit\u00e9 sup\u00e9rieure. Leur pr\u00e9sence a \u00e9t\u00e9 salu\u00e9e par les participants, qui ont \u00e9t\u00e9 impressionn\u00e9s par la mani\u00e8re dont les vid\u00e9os ont donn\u00e9 vie aux r\u00e9alisations des finalistes.<\/span><\/p>\n<\/p>\n<\/div>\n<\/div><\/div>\n\n\n\n<p><\/p>\n\n\n<p style=\"text-align: justify;\">Au-del\u00e0 de leur contribution \u00e0 la production vid\u00e9o, les Studios Machiavel ont \u00e9galement d\u00e9montr\u00e9 leur d\u00e9vouement envers la communaut\u00e9 entrepreneuriale de l&#8217;Est de Montr\u00e9al. Ils ont su mettre en valeur le talent local et encourager l&#8217;innovation.<\/p>\n<p style=\"text-align: justify;\">Gr\u00e2ce au travail des Studios Machiavel, le Gala Estim a \u00e9t\u00e9 un v\u00e9ritable succ\u00e8s, propulsant les finalistes sous les feux de la rampe et inspirant toute une communaut\u00e9 d&#8217;entrepreneurs \u00e0 repousser les limites de la cr\u00e9ativit\u00e9 et de l&#8217;innovation.<\/p>\n\n\n<div class=\"wp-block-cover aligncenter\" style=\"min-height:553px;aspect-ratio:unset;\"><span aria-hidden=\"true\" class=\"wp-block-cover__background has-black-background-color has-background-dim-100 has-background-dim\"><\/span><div class=\"wp-block-cover__inner-container is-layout-flow wp-block-cover-is-layout-flow\">\n<div class=\"wp-block-media-text alignwide is-stacked-on-mobile is-vertically-aligned-center is-image-fill\" style=\"grid-template-columns:56% auto\"><figure class=\"wp-block-media-text__media\" style=\"background-image:url(https:\/\/machiavel.com\/wp-content\/uploads\/2022\/05\/Experience-Studio-Tablet-min-1024x1024.jpg);background-position:52% 68%\"><img decoding=\"async\" width=\"1024\" height=\"1024\" src=\"https:\/\/machiavel.com\/wp-content\/uploads\/2022\/05\/Experience-Studio-Tablet-min-1024x1024.jpg\" alt=\"\" class=\"wp-image-3839 size-full\" srcset=\"https:\/\/machiavel.com\/wp-content\/uploads\/2022\/05\/Experience-Studio-Tablet-min-1024x1024.jpg 1024w, https:\/\/machiavel.com\/wp-content\/uploads\/2022\/05\/Experience-Studio-Tablet-min-300x300.jpg 300w, https:\/\/machiavel.com\/wp-content\/uploads\/2022\/05\/Experience-Studio-Tablet-min-768x768.jpg 768w\" sizes=\"(max-width: 1024px) 100vw, 1024px\" \/><\/figure><div class=\"wp-block-media-text__content\">\n<h2 class=\"wp-block-heading has-white-color has-text-color\" style=\"font-size:32px\"><strong>Experience the immersion. Feel the emotion. <\/strong><\/h2>\n\n\n\n<p class=\"has-white-color has-text-color\" style=\"font-size:17px\">At Studios Machiavel, creators of immersive video experiences, we amplify the emotion of the audience most passionate about your brand. We combine our experience in storytelling with our expertise in the most advanced video technologies, such as indoor drone, 2D\/3D animation and virtual reality. <\/p>\n\n\n\n<div class=\"wp-block-group\"><div class=\"wp-block-group__inner-container is-layout-constrained wp-block-group-is-layout-constrained\">\n<div class=\"wp-block-buttons is-layout-flex wp-block-buttons-is-layout-flex\">\n<div class=\"wp-block-button has-custom-width wp-block-button__width-100 has-custom-font-size is-style-outline is-style-outline--1\" style=\"font-size:18px\"><a class=\"wp-block-button__link has-black-color has-text-color has-background has-link-color wp-element-button\" href=\"#contact\" style=\"border-radius:0px;background-color:#ffd700\">BRAINSTORM WITH US<\/a><\/div>\n<\/div>\n<\/div><\/div>\n<\/div><\/div>\n<\/div><\/div>\n","protected":false},"excerpt":{"rendered":"<p>Studios Machiavel brilliantly hosted the CCEM Estim Gala with captivating videos showcasing the finalists. Their innovative approach and technical know-how brought the entrepreneurs&#8217; stories to life. The Gala was a resounding success, inspiring creativity and innovation in Montreal&#8217;s East End entrepreneurial community.  <\/p>\n","protected":false},"author":1,"featured_media":20217,"comment_status":"open","ping_status":"open","sticky":false,"template":"","format":"standard","meta":{"_eb_attr":"","footnotes":""},"categories":[436,455],"tags":[472,429,392,449,469,428,451,427,450,470,391,471],"class_list":["post-21775","post","type-post","status-publish","format-standard","has-post-thumbnail","hentry","category-achievements","category-customers","tag-agencymarketing","tag-corporate-video-en-2","tag-creation-en","tag-entrepreneurship","tag-entrepreneurshipquebecois","tag-montreal-en","tag-mtl-en","tag-quebec-en","tag-quebecinc-en","tag-sme","tag-video-en","tag-videomarketing-en"],"_links":{"self":[{"href":"https:\/\/machiavel.com\/en\/wp-json\/wp\/v2\/posts\/21775","targetHints":{"allow":["GET"]}}],"collection":[{"href":"https:\/\/machiavel.com\/en\/wp-json\/wp\/v2\/posts"}],"about":[{"href":"https:\/\/machiavel.com\/en\/wp-json\/wp\/v2\/types\/post"}],"author":[{"embeddable":true,"href":"https:\/\/machiavel.com\/en\/wp-json\/wp\/v2\/users\/1"}],"replies":[{"embeddable":true,"href":"https:\/\/machiavel.com\/en\/wp-json\/wp\/v2\/comments?post=21775"}],"version-history":[{"count":0,"href":"https:\/\/machiavel.com\/en\/wp-json\/wp\/v2\/posts\/21775\/revisions"}],"wp:featuredmedia":[{"embeddable":true,"href":"https:\/\/machiavel.com\/en\/wp-json\/wp\/v2\/media\/20217"}],"wp:attachment":[{"href":"https:\/\/machiavel.com\/en\/wp-json\/wp\/v2\/media?parent=21775"}],"wp:term":[{"taxonomy":"category","embeddable":true,"href":"https:\/\/machiavel.com\/en\/wp-json\/wp\/v2\/categories?post=21775"},{"taxonomy":"post_tag","embeddable":true,"href":"https:\/\/machiavel.com\/en\/wp-json\/wp\/v2\/tags?post=21775"}],"curies":[{"name":"wp","href":"https:\/\/api.w.org\/{rel}","templated":true}]}}